{"id":9153,"date":"2025-04-24T15:57:55","date_gmt":"2025-04-24T14:57:55","guid":{"rendered":"https:\/\/thinkupc.com\/?p=9153"},"modified":"2025-04-24T16:06:04","modified_gmt":"2025-04-24T15:06:04","slug":"participamos-en-el-dia-internacional-de-las-ninas-en-las-tic-en-la-upc-manresa","status":"publish","type":"post","link":"https:\/\/www.thinkupc.com\/es\/actualidad\/participamos-en-el-dia-internacional-de-las-ninas-en-las-tic-en-la-upc-manresa\/","title":{"rendered":"Participamos en el D\u00eda Internacional de las Ni\u00f1as en las TIC en la UPC Manresa"},"content":{"rendered":"\t\t<div data-elementor-type=\"wp-post\" data-elementor-id=\"9153\" class=\"elementor elementor-9153 elementor-9130\" data-elementor-post-type=\"post\">\n\t\t\t\t<div class=\"elementor-element elementor-element-14ad261 e-flex e-con-boxed e-con e-parent\" data-id=\"14ad261\" data-element_type=\"container\" data-e-type=\"container\">\n\t\t\t\t\t<div class=\"e-con-inner\">\n\t\t\t\t<div class=\"elementor-element elementor-element-4991a60 elementor-widget elementor-widget-text-editor\" data-id=\"4991a60\" data-element_type=\"widget\" data-e-type=\"widget\" data-widget_type=\"text-editor.default\">\n\t\t\t\t\t\t\t\t\t<p>Con motivo del D\u00eda Internacional de las Ni\u00f1as en las TIC, el 24 de abril, ThinkUPC ha participado en <a href=\"https:\/\/epsem.upc.edu\/ca\/noticies\/dia-intenacional-de-les-noies-tic-al-techlab-manresa-2025\">las actividades organizadas por el TechLab Manresa de la UPC Manresa<\/a>, una jornada dirigida a chicas de 4\u00ba de ESO y bachillerato que busca despertar vocaciones tecnol\u00f3gicas y contribuir a reducir la brecha de g\u00e9nero en el sector TIC.<\/p><p>A las 12:00 h, <strong>No\u00e8lia Catal\u00e0<\/strong>, gestora de proyectos del equipo de Anal\u00edtica e Inteligencia Artificial de ThinkUPC, ha ofrecido la charla <strong>\u201c\u00bfC\u00f3mo funciona el cerebro de ChatGPT?\u201d<\/strong>. Una sesi\u00f3n pr\u00e1ctica e inspiradora que ha permitido acercar a las j\u00f3venes a conceptos clave sobre inteligencia artificial y entender c\u00f3mo funcionan tecnolog\u00edas que ya forman parte de nuestro d\u00eda a d\u00eda. <\/p><p>En ThinkUPC estamos comprometidos con la promoci\u00f3n del talento femenino en el sector tecnol\u00f3gico y nos alegra poder aportar nuestro granito de arena en jornadas como esta, que conectan el mundo educativo con la realidad tecnol\u00f3gica y empresarial.<\/p><p>Esta actividad ha sido organizada por TechLab Manresa en el marco del proyecto europeo MERIT, coordinado por la UPC Manresa y cofinanciado por el programa Digital Europe.<\/p>\t\t\t\t\t\t\t\t<\/div>\n\t\t\t\t\t<\/div>\n\t\t\t\t<\/div>\n\t\t\t\t<\/div>\n\t\t","protected":false},"excerpt":{"rendered":"<p>No\u00e8lia Catal\u00e0 ofrece una charla sobre el funcionamiento de ChatGPT para inspirar vocaciones tecnol\u00f3gicas entre las chicas.<\/p>\n","protected":false},"author":11,"featured_media":9170,"comment_status":"closed","ping_status":"closed","sticky":false,"template":"","format":"standard","meta":{"_acf_changed":false,"footnotes":""},"categories":[145,168],"tags":[208],"class_list":["post-9153","post","type-post","status-publish","format-standard","has-post-thumbnail","hentry","category-actualidad","category-digital-strategy-es","tag-digital-strategy-es"],"acf":[],"yoast_head":"<!-- This site is optimized with the Yoast SEO plugin v27.4 - https:\/\/yoast.com\/product\/yoast-seo-wordpress\/ -->\n<title>ThinkUPC participa en el D\u00eda Internacional de las Ni\u00f1as en las TIC<\/title>\n<meta name=\"description\" content=\"No\u00e8lia Catal\u00e0 ofrece una charla sobre el funcionamiento de ChatGPT en la UPC Manresa para inspirar vocaciones tecnol\u00f3gicas entre las chicas.\" \/>\n<meta name=\"robots\" content=\"index, follow, max-snippet:-1, max-image-preview:large, max-video-preview:-1\" \/>\n<link rel=\"canonical\" href=\"https:\/\/www.thinkupc.com\/es\/actualidad\/participamos-en-el-dia-internacional-de-las-ninas-en-las-tic-en-la-upc-manresa\/\" \/>\n<meta property=\"og:locale\" content=\"es_ES\" \/>\n<meta property=\"og:type\" content=\"article\" \/>\n<meta property=\"og:title\" content=\"ThinkUPC participa en el D\u00eda Internacional de las Ni\u00f1as en las TIC\" \/>\n<meta property=\"og:description\" content=\"No\u00e8lia Catal\u00e0 ofrece una charla sobre el funcionamiento de ChatGPT en la UPC Manresa para inspirar vocaciones tecnol\u00f3gicas entre las chicas.\" \/>\n<meta property=\"og:url\" content=\"https:\/\/www.thinkupc.com\/es\/actualidad\/participamos-en-el-dia-internacional-de-las-ninas-en-las-tic-en-la-upc-manresa\/\" \/>\n<meta property=\"og:site_name\" content=\"ThinkUPC\" \/>\n<meta property=\"article:published_time\" content=\"2025-04-24T14:57:55+00:00\" \/>\n<meta property=\"article:modified_time\" content=\"2025-04-24T15:06:04+00:00\" \/>\n<meta property=\"og:image\" content=\"https:\/\/www.thinkupc.com\/wp-content\/uploads\/2025\/04\/noelia-catala-ict.jpg\" \/>\n\t<meta property=\"og:image:width\" content=\"1200\" \/>\n\t<meta property=\"og:image:height\" content=\"900\" \/>\n\t<meta property=\"og:image:type\" content=\"image\/jpeg\" \/>\n<meta name=\"author\" content=\"Raquel Fernandez\" \/>\n<meta name=\"twitter:card\" content=\"summary_large_image\" \/>\n<meta name=\"twitter:label1\" content=\"Escrito por\" \/>\n\t<meta name=\"twitter:data1\" content=\"Raquel Fernandez\" \/>\n\t<meta name=\"twitter:label2\" content=\"Tiempo de lectura\" \/>\n\t<meta name=\"twitter:data2\" content=\"2 minutos\" \/>\n<script type=\"application\/ld+json\" class=\"yoast-schema-graph\">{\"@context\":\"https:\\\/\\\/schema.org\",\"@graph\":[{\"@type\":\"Article\",\"@id\":\"https:\\\/\\\/www.thinkupc.com\\\/es\\\/actualidad\\\/participamos-en-el-dia-internacional-de-las-ninas-en-las-tic-en-la-upc-manresa\\\/#article\",\"isPartOf\":{\"@id\":\"https:\\\/\\\/www.thinkupc.com\\\/es\\\/actualidad\\\/participamos-en-el-dia-internacional-de-las-ninas-en-las-tic-en-la-upc-manresa\\\/\"},\"author\":{\"name\":\"Raquel Fernandez\",\"@id\":\"https:\\\/\\\/www.thinkupc.com\\\/es\\\/#\\\/schema\\\/person\\\/d501e056b6a8357b6b051b863b8f7ba3\"},\"headline\":\"Participamos en el D\u00eda Internacional de las Ni\u00f1as en las TIC en la UPC Manresa\",\"datePublished\":\"2025-04-24T14:57:55+00:00\",\"dateModified\":\"2025-04-24T15:06:04+00:00\",\"mainEntityOfPage\":{\"@id\":\"https:\\\/\\\/www.thinkupc.com\\\/es\\\/actualidad\\\/participamos-en-el-dia-internacional-de-las-ninas-en-las-tic-en-la-upc-manresa\\\/\"},\"wordCount\":214,\"publisher\":{\"@id\":\"https:\\\/\\\/www.thinkupc.com\\\/es\\\/#organization\"},\"image\":{\"@id\":\"https:\\\/\\\/www.thinkupc.com\\\/es\\\/actualidad\\\/participamos-en-el-dia-internacional-de-las-ninas-en-las-tic-en-la-upc-manresa\\\/#primaryimage\"},\"thumbnailUrl\":\"https:\\\/\\\/www.thinkupc.com\\\/wp-content\\\/uploads\\\/2025\\\/04\\\/noelia-catala-ict.jpg\",\"keywords\":[\"Digital Strategy\"],\"articleSection\":[\"Actualidad\",\"Digital Strategy\"],\"inLanguage\":\"es\"},{\"@type\":\"WebPage\",\"@id\":\"https:\\\/\\\/www.thinkupc.com\\\/es\\\/actualidad\\\/participamos-en-el-dia-internacional-de-las-ninas-en-las-tic-en-la-upc-manresa\\\/\",\"url\":\"https:\\\/\\\/www.thinkupc.com\\\/es\\\/actualidad\\\/participamos-en-el-dia-internacional-de-las-ninas-en-las-tic-en-la-upc-manresa\\\/\",\"name\":\"ThinkUPC participa en el D\u00eda Internacional de las Ni\u00f1as en las TIC\",\"isPartOf\":{\"@id\":\"https:\\\/\\\/www.thinkupc.com\\\/es\\\/#website\"},\"primaryImageOfPage\":{\"@id\":\"https:\\\/\\\/www.thinkupc.com\\\/es\\\/actualidad\\\/participamos-en-el-dia-internacional-de-las-ninas-en-las-tic-en-la-upc-manresa\\\/#primaryimage\"},\"image\":{\"@id\":\"https:\\\/\\\/www.thinkupc.com\\\/es\\\/actualidad\\\/participamos-en-el-dia-internacional-de-las-ninas-en-las-tic-en-la-upc-manresa\\\/#primaryimage\"},\"thumbnailUrl\":\"https:\\\/\\\/www.thinkupc.com\\\/wp-content\\\/uploads\\\/2025\\\/04\\\/noelia-catala-ict.jpg\",\"datePublished\":\"2025-04-24T14:57:55+00:00\",\"dateModified\":\"2025-04-24T15:06:04+00:00\",\"description\":\"No\u00e8lia Catal\u00e0 ofrece una charla sobre el funcionamiento de ChatGPT en la UPC Manresa para inspirar vocaciones tecnol\u00f3gicas entre las chicas.\",\"breadcrumb\":{\"@id\":\"https:\\\/\\\/www.thinkupc.com\\\/es\\\/actualidad\\\/participamos-en-el-dia-internacional-de-las-ninas-en-las-tic-en-la-upc-manresa\\\/#breadcrumb\"},\"inLanguage\":\"es\",\"potentialAction\":[{\"@type\":\"ReadAction\",\"target\":[\"https:\\\/\\\/www.thinkupc.com\\\/es\\\/actualidad\\\/participamos-en-el-dia-internacional-de-las-ninas-en-las-tic-en-la-upc-manresa\\\/\"]}]},{\"@type\":\"ImageObject\",\"inLanguage\":\"es\",\"@id\":\"https:\\\/\\\/www.thinkupc.com\\\/es\\\/actualidad\\\/participamos-en-el-dia-internacional-de-las-ninas-en-las-tic-en-la-upc-manresa\\\/#primaryimage\",\"url\":\"https:\\\/\\\/www.thinkupc.com\\\/wp-content\\\/uploads\\\/2025\\\/04\\\/noelia-catala-ict.jpg\",\"contentUrl\":\"https:\\\/\\\/www.thinkupc.com\\\/wp-content\\\/uploads\\\/2025\\\/04\\\/noelia-catala-ict.jpg\",\"width\":1200,\"height\":900,\"caption\":\"ThinkUPC participa en la jornada \u201cGirls in ICT Day\u201d a la UPC Manresa\"},{\"@type\":\"BreadcrumbList\",\"@id\":\"https:\\\/\\\/www.thinkupc.com\\\/es\\\/actualidad\\\/participamos-en-el-dia-internacional-de-las-ninas-en-las-tic-en-la-upc-manresa\\\/#breadcrumb\",\"itemListElement\":[{\"@type\":\"ListItem\",\"position\":1,\"name\":\"Home\",\"item\":\"https:\\\/\\\/www.thinkupc.com\\\/es\\\/thinkupc\\\/\"},{\"@type\":\"ListItem\",\"position\":2,\"name\":\"Actualidad\",\"item\":\"https:\\\/\\\/www.thinkupc.com\\\/es\\\/categoria\\\/actualidad\\\/\"},{\"@type\":\"ListItem\",\"position\":3,\"name\":\"Participamos en el D\u00eda Internacional de las Ni\u00f1as en las TIC en la UPC Manresa\"}]},{\"@type\":\"WebSite\",\"@id\":\"https:\\\/\\\/www.thinkupc.com\\\/es\\\/#website\",\"url\":\"https:\\\/\\\/www.thinkupc.com\\\/es\\\/\",\"name\":\"ThinkUPC\",\"description\":\"One Step Ahead in the Digital World\",\"publisher\":{\"@id\":\"https:\\\/\\\/www.thinkupc.com\\\/es\\\/#organization\"},\"potentialAction\":[{\"@type\":\"SearchAction\",\"target\":{\"@type\":\"EntryPoint\",\"urlTemplate\":\"https:\\\/\\\/www.thinkupc.com\\\/es\\\/?s={search_term_string}\"},\"query-input\":{\"@type\":\"PropertyValueSpecification\",\"valueRequired\":true,\"valueName\":\"search_term_string\"}}],\"inLanguage\":\"es\"},{\"@type\":\"Organization\",\"@id\":\"https:\\\/\\\/www.thinkupc.com\\\/es\\\/#organization\",\"name\":\"ThinkUPC\",\"url\":\"https:\\\/\\\/www.thinkupc.com\\\/es\\\/\",\"logo\":{\"@type\":\"ImageObject\",\"inLanguage\":\"es\",\"@id\":\"https:\\\/\\\/www.thinkupc.com\\\/es\\\/#\\\/schema\\\/logo\\\/image\\\/\",\"url\":\"https:\\\/\\\/www.thinkupc.com\\\/wp-content\\\/uploads\\\/2025\\\/03\\\/logo-claim_B.png\",\"contentUrl\":\"https:\\\/\\\/www.thinkupc.com\\\/wp-content\\\/uploads\\\/2025\\\/03\\\/logo-claim_B.png\",\"width\":2325,\"height\":1027,\"caption\":\"ThinkUPC\"},\"image\":{\"@id\":\"https:\\\/\\\/www.thinkupc.com\\\/es\\\/#\\\/schema\\\/logo\\\/image\\\/\"},\"sameAs\":[\"https:\\\/\\\/bsky.app\\\/profile\\\/thinkupc.com\",\"https:\\\/\\\/es.linkedin.com\\\/company\\\/thinkupc\"]},{\"@type\":\"Person\",\"@id\":\"https:\\\/\\\/www.thinkupc.com\\\/es\\\/#\\\/schema\\\/person\\\/d501e056b6a8357b6b051b863b8f7ba3\",\"name\":\"Raquel Fernandez\",\"image\":{\"@type\":\"ImageObject\",\"inLanguage\":\"es\",\"@id\":\"https:\\\/\\\/secure.gravatar.com\\\/avatar\\\/760b77eb802610b56382b183d2d37dee63fa1f78f9b6a05a64fba6496d03da5c?s=96&d=mm&r=g\",\"url\":\"https:\\\/\\\/secure.gravatar.com\\\/avatar\\\/760b77eb802610b56382b183d2d37dee63fa1f78f9b6a05a64fba6496d03da5c?s=96&d=mm&r=g\",\"contentUrl\":\"https:\\\/\\\/secure.gravatar.com\\\/avatar\\\/760b77eb802610b56382b183d2d37dee63fa1f78f9b6a05a64fba6496d03da5c?s=96&d=mm&r=g\",\"caption\":\"Raquel Fernandez\"},\"url\":\"https:\\\/\\\/www.thinkupc.com\\\/es\\\/author\\\/raquel-fernandez\\\/\"}]}<\/script>\n<!-- \/ Yoast SEO plugin. -->","yoast_head_json":{"title":"ThinkUPC participa en el D\u00eda Internacional de las Ni\u00f1as en las TIC","description":"No\u00e8lia Catal\u00e0 ofrece una charla sobre el funcionamiento de ChatGPT en la UPC Manresa para inspirar vocaciones tecnol\u00f3gicas entre las chicas.","robots":{"index":"index","follow":"follow","max-snippet":"max-snippet:-1","max-image-preview":"max-image-preview:large","max-video-preview":"max-video-preview:-1"},"canonical":"https:\/\/www.thinkupc.com\/es\/actualidad\/participamos-en-el-dia-internacional-de-las-ninas-en-las-tic-en-la-upc-manresa\/","og_locale":"es_ES","og_type":"article","og_title":"ThinkUPC participa en el D\u00eda Internacional de las Ni\u00f1as en las TIC","og_description":"No\u00e8lia Catal\u00e0 ofrece una charla sobre el funcionamiento de ChatGPT en la UPC Manresa para inspirar vocaciones tecnol\u00f3gicas entre las chicas.","og_url":"https:\/\/www.thinkupc.com\/es\/actualidad\/participamos-en-el-dia-internacional-de-las-ninas-en-las-tic-en-la-upc-manresa\/","og_site_name":"ThinkUPC","article_published_time":"2025-04-24T14:57:55+00:00","article_modified_time":"2025-04-24T15:06:04+00:00","og_image":[{"width":1200,"height":900,"url":"https:\/\/www.thinkupc.com\/wp-content\/uploads\/2025\/04\/noelia-catala-ict.jpg","type":"image\/jpeg"}],"author":"Raquel Fernandez","twitter_card":"summary_large_image","twitter_misc":{"Escrito por":"Raquel Fernandez","Tiempo de lectura":"2 minutos"},"schema":{"@context":"https:\/\/schema.org","@graph":[{"@type":"Article","@id":"https:\/\/www.thinkupc.com\/es\/actualidad\/participamos-en-el-dia-internacional-de-las-ninas-en-las-tic-en-la-upc-manresa\/#article","isPartOf":{"@id":"https:\/\/www.thinkupc.com\/es\/actualidad\/participamos-en-el-dia-internacional-de-las-ninas-en-las-tic-en-la-upc-manresa\/"},"author":{"name":"Raquel Fernandez","@id":"https:\/\/www.thinkupc.com\/es\/#\/schema\/person\/d501e056b6a8357b6b051b863b8f7ba3"},"headline":"Participamos en el D\u00eda Internacional de las Ni\u00f1as en las TIC en la UPC Manresa","datePublished":"2025-04-24T14:57:55+00:00","dateModified":"2025-04-24T15:06:04+00:00","mainEntityOfPage":{"@id":"https:\/\/www.thinkupc.com\/es\/actualidad\/participamos-en-el-dia-internacional-de-las-ninas-en-las-tic-en-la-upc-manresa\/"},"wordCount":214,"publisher":{"@id":"https:\/\/www.thinkupc.com\/es\/#organization"},"image":{"@id":"https:\/\/www.thinkupc.com\/es\/actualidad\/participamos-en-el-dia-internacional-de-las-ninas-en-las-tic-en-la-upc-manresa\/#primaryimage"},"thumbnailUrl":"https:\/\/www.thinkupc.com\/wp-content\/uploads\/2025\/04\/noelia-catala-ict.jpg","keywords":["Digital Strategy"],"articleSection":["Actualidad","Digital Strategy"],"inLanguage":"es"},{"@type":"WebPage","@id":"https:\/\/www.thinkupc.com\/es\/actualidad\/participamos-en-el-dia-internacional-de-las-ninas-en-las-tic-en-la-upc-manresa\/","url":"https:\/\/www.thinkupc.com\/es\/actualidad\/participamos-en-el-dia-internacional-de-las-ninas-en-las-tic-en-la-upc-manresa\/","name":"ThinkUPC participa en el D\u00eda Internacional de las Ni\u00f1as en las TIC","isPartOf":{"@id":"https:\/\/www.thinkupc.com\/es\/#website"},"primaryImageOfPage":{"@id":"https:\/\/www.thinkupc.com\/es\/actualidad\/participamos-en-el-dia-internacional-de-las-ninas-en-las-tic-en-la-upc-manresa\/#primaryimage"},"image":{"@id":"https:\/\/www.thinkupc.com\/es\/actualidad\/participamos-en-el-dia-internacional-de-las-ninas-en-las-tic-en-la-upc-manresa\/#primaryimage"},"thumbnailUrl":"https:\/\/www.thinkupc.com\/wp-content\/uploads\/2025\/04\/noelia-catala-ict.jpg","datePublished":"2025-04-24T14:57:55+00:00","dateModified":"2025-04-24T15:06:04+00:00","description":"No\u00e8lia Catal\u00e0 ofrece una charla sobre el funcionamiento de ChatGPT en la UPC Manresa para inspirar vocaciones tecnol\u00f3gicas entre las chicas.","breadcrumb":{"@id":"https:\/\/www.thinkupc.com\/es\/actualidad\/participamos-en-el-dia-internacional-de-las-ninas-en-las-tic-en-la-upc-manresa\/#breadcrumb"},"inLanguage":"es","potentialAction":[{"@type":"ReadAction","target":["https:\/\/www.thinkupc.com\/es\/actualidad\/participamos-en-el-dia-internacional-de-las-ninas-en-las-tic-en-la-upc-manresa\/"]}]},{"@type":"ImageObject","inLanguage":"es","@id":"https:\/\/www.thinkupc.com\/es\/actualidad\/participamos-en-el-dia-internacional-de-las-ninas-en-las-tic-en-la-upc-manresa\/#primaryimage","url":"https:\/\/www.thinkupc.com\/wp-content\/uploads\/2025\/04\/noelia-catala-ict.jpg","contentUrl":"https:\/\/www.thinkupc.com\/wp-content\/uploads\/2025\/04\/noelia-catala-ict.jpg","width":1200,"height":900,"caption":"ThinkUPC participa en la jornada \u201cGirls in ICT Day\u201d a la UPC Manresa"},{"@type":"BreadcrumbList","@id":"https:\/\/www.thinkupc.com\/es\/actualidad\/participamos-en-el-dia-internacional-de-las-ninas-en-las-tic-en-la-upc-manresa\/#breadcrumb","itemListElement":[{"@type":"ListItem","position":1,"name":"Home","item":"https:\/\/www.thinkupc.com\/es\/thinkupc\/"},{"@type":"ListItem","position":2,"name":"Actualidad","item":"https:\/\/www.thinkupc.com\/es\/categoria\/actualidad\/"},{"@type":"ListItem","position":3,"name":"Participamos en el D\u00eda Internacional de las Ni\u00f1as en las TIC en la UPC Manresa"}]},{"@type":"WebSite","@id":"https:\/\/www.thinkupc.com\/es\/#website","url":"https:\/\/www.thinkupc.com\/es\/","name":"ThinkUPC","description":"One Step Ahead in the Digital World","publisher":{"@id":"https:\/\/www.thinkupc.com\/es\/#organization"},"potentialAction":[{"@type":"SearchAction","target":{"@type":"EntryPoint","urlTemplate":"https:\/\/www.thinkupc.com\/es\/?s={search_term_string}"},"query-input":{"@type":"PropertyValueSpecification","valueRequired":true,"valueName":"search_term_string"}}],"inLanguage":"es"},{"@type":"Organization","@id":"https:\/\/www.thinkupc.com\/es\/#organization","name":"ThinkUPC","url":"https:\/\/www.thinkupc.com\/es\/","logo":{"@type":"ImageObject","inLanguage":"es","@id":"https:\/\/www.thinkupc.com\/es\/#\/schema\/logo\/image\/","url":"https:\/\/www.thinkupc.com\/wp-content\/uploads\/2025\/03\/logo-claim_B.png","contentUrl":"https:\/\/www.thinkupc.com\/wp-content\/uploads\/2025\/03\/logo-claim_B.png","width":2325,"height":1027,"caption":"ThinkUPC"},"image":{"@id":"https:\/\/www.thinkupc.com\/es\/#\/schema\/logo\/image\/"},"sameAs":["https:\/\/bsky.app\/profile\/thinkupc.com","https:\/\/es.linkedin.com\/company\/thinkupc"]},{"@type":"Person","@id":"https:\/\/www.thinkupc.com\/es\/#\/schema\/person\/d501e056b6a8357b6b051b863b8f7ba3","name":"Raquel Fernandez","image":{"@type":"ImageObject","inLanguage":"es","@id":"https:\/\/secure.gravatar.com\/avatar\/760b77eb802610b56382b183d2d37dee63fa1f78f9b6a05a64fba6496d03da5c?s=96&d=mm&r=g","url":"https:\/\/secure.gravatar.com\/avatar\/760b77eb802610b56382b183d2d37dee63fa1f78f9b6a05a64fba6496d03da5c?s=96&d=mm&r=g","contentUrl":"https:\/\/secure.gravatar.com\/avatar\/760b77eb802610b56382b183d2d37dee63fa1f78f9b6a05a64fba6496d03da5c?s=96&d=mm&r=g","caption":"Raquel Fernandez"},"url":"https:\/\/www.thinkupc.com\/es\/author\/raquel-fernandez\/"}]}},"_links":{"self":[{"href":"https:\/\/www.thinkupc.com\/es\/wp-json\/wp\/v2\/posts\/9153","targetHints":{"allow":["GET"]}}],"collection":[{"href":"https:\/\/www.thinkupc.com\/es\/wp-json\/wp\/v2\/posts"}],"about":[{"href":"https:\/\/www.thinkupc.com\/es\/wp-json\/wp\/v2\/types\/post"}],"author":[{"embeddable":true,"href":"https:\/\/www.thinkupc.com\/es\/wp-json\/wp\/v2\/users\/11"}],"replies":[{"embeddable":true,"href":"https:\/\/www.thinkupc.com\/es\/wp-json\/wp\/v2\/comments?post=9153"}],"version-history":[{"count":0,"href":"https:\/\/www.thinkupc.com\/es\/wp-json\/wp\/v2\/posts\/9153\/revisions"}],"wp:featuredmedia":[{"embeddable":true,"href":"https:\/\/www.thinkupc.com\/es\/wp-json\/wp\/v2\/media\/9170"}],"wp:attachment":[{"href":"https:\/\/www.thinkupc.com\/es\/wp-json\/wp\/v2\/media?parent=9153"}],"wp:term":[{"taxonomy":"category","embeddable":true,"href":"https:\/\/www.thinkupc.com\/es\/wp-json\/wp\/v2\/categories?post=9153"},{"taxonomy":"post_tag","embeddable":true,"href":"https:\/\/www.thinkupc.com\/es\/wp-json\/wp\/v2\/tags?post=9153"}],"curies":[{"name":"wp","href":"https:\/\/api.w.org\/{rel}","templated":true}]}}