{"id":5731,"date":"2017-02-22T11:11:43","date_gmt":"2017-02-22T10:11:43","guid":{"rendered":"https:\/\/thinkupc.com\/sin-categoria\/reconocidos-por-el-premio-de-conciliacion-del-ayto-de-barcelona\/"},"modified":"2026-04-24T10:40:25","modified_gmt":"2026-04-24T09:40:25","slug":"reconocidos-por-el-premio-de-conciliacion-del-ayto-de-barcelona","status":"publish","type":"post","link":"https:\/\/www.thinkupc.com\/es\/actualidad\/reconocidos-por-el-premio-de-conciliacion-del-ayto-de-barcelona\/","title":{"rendered":"Reconocidos por el premio de conciliaci\u00f3n del Ayto. de Barcelona"},"content":{"rendered":"\t\t<div data-elementor-type=\"wp-post\" data-elementor-id=\"5731\" class=\"elementor elementor-5731 elementor-2367\" data-elementor-post-type=\"post\">\n\t\t\t\t<div class=\"elementor-element elementor-element-9e76c12 e-flex e-con-boxed e-con e-parent\" data-id=\"9e76c12\" data-element_type=\"container\" data-e-type=\"container\">\n\t\t\t\t\t<div class=\"e-con-inner\">\n\t\t\t\t<div class=\"elementor-element elementor-element-b9f3bf3 elementor-widget elementor-widget-text-editor\" data-id=\"b9f3bf3\" data-element_type=\"widget\" data-e-type=\"widget\" data-widget_type=\"text-editor.default\">\n\t\t\t\t\t\t\t\t\t<p style=\"margin: 0px 0px 1em; padding: 0px; color: #4a4a4a; font-family: 'Helvetica Neue', Helvetica, Arial, sans-serif; word-spacing: 1px;\">El martes 21 de febrero, <a href=\"https:\/\/www.upcnet.es\"><span style=\"margin: 0px; color: #363636; font-weight: bold;\">UPCnet <\/span><\/a>fue galardonada con el <span style=\"margin: 0px; color: #363636; font-weight: bold;\">V Premio Barcelona a la Empresa Innovadora en Conciliaci\u00f3n y Tiempo<\/span> del Ayuntamiento de Barcelona, como reconocimiento al programa de iniciativas <span style=\"margin: 0px; color: #363636; font-weight: bold;\">People First!<\/span> que estamos llevando a cabo tanto en <a href=\"https:\/\/www.upcnet.es\"><span style=\"margin: 0px; color: #363636; font-weight: bold;\">UPCnet<\/span><\/a> como en <a href=\"\/\"><span style=\"margin: 0px; color: #363636; font-weight: bold;\">ThinkUPC<\/span><\/a> con el objetivo de facilitar el desarrollo profesional y personal de las personas de las dos empresas.<\/p>\n<p style=\"margin: 0px 0px 1em; padding: 0px; color: #4a4a4a; font-family: 'Helvetica Neue', Helvetica, Arial, sans-serif; word-spacing: 1px;\">Entre las medidas puestas en marcha dentro de nuestro programa People First! hay la jornada intensiva durante todas las vacaciones escolares, jornada intensiva todos los viernes del a\u00f1o, flexibilidad horaria de entrada y salida, c\u00f3mputo semanal y mensual de la jornada de trabajo, y el teletrabajo. Tambi\u00e9n hemos ampliado el permiso de maternidad (siete d\u00edas m\u00e1s) y paternidad (tres d\u00edas m\u00e1s).<\/p>\n<p style=\"margin: 0px 0px 1em; padding: 0px; color: #4a4a4a; font-family: 'Helvetica Neue', Helvetica, Arial, sans-serif; word-spacing: 1px;\"><span style=\"margin: 0px; color: #363636; font-weight: bold;\">El Director General de UPCnet e ThinkUPC, Josep Maria Ciervo<\/span>, fue el encargado de recoger el galard\u00f3n, junto con <span style=\"margin: 0px; color: #363636; font-weight: bold;\">Marina Ruiz<\/span>, Directora de Corporate Services, y <span style=\"margin: 0px; color: #363636; font-weight: bold;\">Carme Ortol\u00e0<\/span>, responsable de Recursos Humanos. Josep Maria Ciervo destac\u00f3 que: \u00abEste premio apoya nuestra filosof\u00eda de que una empresa del siglo XXI que quiera disponer del mejor talento y que \u00e9ste se exprese en su m\u00e1ximo valor, debe crear un entorno de trabajo en el que est\u00e9n bien equilibradas la vida laboral y la profesional. Para nosotros la flexibilidad que ofrecemos nos es devuelta como responsabilidad y compromiso de nuestros empleados\u00bb.<\/p>\n<p style=\"margin: 0px 0px 1em; padding: 0px; color: #4a4a4a; font-family: 'Helvetica Neue', Helvetica, Arial, sans-serif; word-spacing: 1px;\">Este Premio pretende reconocer p\u00fablicamente la labor de las empresas de la ciudad de Barcelona que desarrollan medidas innovadoras en gesti\u00f3n del tiempo, flexibilidad y equilibrio de la vida laboral, familiar, personal y social. El acto de la entrega del Premio fue presidido por<span style=\"margin: 0px; color: #363636; font-weight: bold;\"> la alcaldesa de Barcelona, Ada Colau<\/span>, que dijo: \u00abEs una alegr\u00eda constatar que cada a\u00f1o son m\u00e1s las empresas que apuestan por la conciliaci\u00f3n y la corresponsabilidad, y tambi\u00e9n constatar que, cada vez m\u00e1s, las medidas que se aplican se ajustan a las necesidades de las mujeres y los hombres. Incluso m\u00e1s all\u00e1 de lo que marca la ley y los convenios colectivos, que muchas veces son insuficientes\u00bb.<\/p>\t\t\t\t\t\t\t\t<\/div>\n\t\t\t\t\t<\/div>\n\t\t\t\t<\/div>\n\t\t<div class=\"elementor-element elementor-element-254957e e-flex e-con-boxed e-con e-parent\" data-id=\"254957e\" data-element_type=\"container\" data-e-type=\"container\">\n\t\t\t\t\t<div class=\"e-con-inner\">\n\t\t\t\t<div class=\"elementor-element elementor-element-925eec5 elementor-widget elementor-widget-image\" data-id=\"925eec5\" data-element_type=\"widget\" data-e-type=\"widget\" data-widget_type=\"image.default\">\n\t\t\t\t\t\t\t\t\t\t\t\t\t\t\t<img fetchpriority=\"high\" decoding=\"async\" width=\"620\" height=\"350\" src=\"https:\/\/www.thinkupc.com\/wp-content\/uploads\/2025\/01\/guanyadors-premi-conciliacio-barcelona-ithinkupc.jpg\" class=\"attachment-large size-large wp-image-4639\" alt=\"Galardonados por el V Premio Barcelona a la Empresa Innovadora en Conciliaci\u00f3n y Tiempo.\" srcset=\"https:\/\/www.thinkupc.com\/wp-content\/uploads\/2025\/01\/guanyadors-premi-conciliacio-barcelona-ithinkupc.jpg 620w, https:\/\/www.thinkupc.com\/wp-content\/uploads\/2025\/01\/guanyadors-premi-conciliacio-barcelona-ithinkupc-300x169.jpg 300w\" sizes=\"(max-width: 620px) 100vw, 620px\" \/>\t\t\t\t\t\t\t\t\t\t\t\t\t\t\t<\/div>\n\t\t\t\t\t<\/div>\n\t\t\t\t<\/div>\n\t\t\t\t<\/div>\n\t\t","protected":false},"excerpt":{"rendered":"<p>People First!, nuestro programa de iniciativas para la conciliaci\u00f3n familiar y laboral de nuestros trabajadores, es reconocido por un premio.<\/p>\n","protected":false},"author":6,"featured_media":4641,"comment_status":"closed","ping_status":"closed","sticky":false,"template":"","format":"standard","meta":{"_acf_changed":false,"footnotes":""},"categories":[145,313],"tags":[344],"class_list":["post-5731","post","type-post","status-publish","format-standard","has-post-thumbnail","hentry","category-actualidad","category-corporate-news-es","tag-corporate-news"],"acf":[],"yoast_head":"<!-- This site is optimized with the Yoast SEO plugin v27.4 - https:\/\/yoast.com\/product\/yoast-seo-wordpress\/ -->\n<title>Reconocidos por el premio de conciliaci\u00f3n del Ayto. de Barcelona - ThinkUPC<\/title>\n<meta name=\"description\" content=\"ThinkUPC reconocida por el V Premio Barcelona a la Empresa Innovadora en Conciliaci\u00f3n y Tiempo del Ayuntamiento de Barcelona.\" \/>\n<meta name=\"robots\" content=\"index, follow, max-snippet:-1, max-image-preview:large, max-video-preview:-1\" \/>\n<link rel=\"canonical\" href=\"https:\/\/www.thinkupc.com\/es\/actualidad\/reconocidos-por-el-premio-de-conciliacion-del-ayto-de-barcelona\/\" \/>\n<meta property=\"og:locale\" content=\"es_ES\" \/>\n<meta property=\"og:type\" content=\"article\" \/>\n<meta property=\"og:title\" content=\"Reconocidos por el premio de conciliaci\u00f3n del Ayto. de Barcelona - ThinkUPC\" \/>\n<meta property=\"og:description\" content=\"ThinkUPC reconocida por el V Premio Barcelona a la Empresa Innovadora en Conciliaci\u00f3n y Tiempo del Ayuntamiento de Barcelona.\" \/>\n<meta property=\"og:url\" content=\"https:\/\/www.thinkupc.com\/es\/actualidad\/reconocidos-por-el-premio-de-conciliacion-del-ayto-de-barcelona\/\" \/>\n<meta property=\"og:site_name\" content=\"ThinkUPC\" \/>\n<meta property=\"article:published_time\" content=\"2017-02-22T10:11:43+00:00\" \/>\n<meta property=\"article:modified_time\" content=\"2026-04-24T09:40:25+00:00\" \/>\n<meta property=\"og:image\" content=\"https:\/\/www.thinkupc.com\/wp-content\/uploads\/2025\/01\/premi-conciliacio-ajuntament-barcelona.jpg\" \/>\n\t<meta property=\"og:image:width\" content=\"620\" \/>\n\t<meta property=\"og:image:height\" content=\"350\" \/>\n\t<meta property=\"og:image:type\" content=\"image\/jpeg\" \/>\n<meta name=\"author\" content=\"Carme Ortol\u00e0\" \/>\n<meta name=\"twitter:card\" content=\"summary_large_image\" \/>\n<meta name=\"twitter:label1\" content=\"Escrito por\" \/>\n\t<meta name=\"twitter:data1\" content=\"Carme Ortol\u00e0\" \/>\n<script type=\"application\/ld+json\" class=\"yoast-schema-graph\">{\"@context\":\"https:\\\/\\\/schema.org\",\"@graph\":[{\"@type\":\"Article\",\"@id\":\"https:\\\/\\\/www.thinkupc.com\\\/es\\\/actualidad\\\/reconocidos-por-el-premio-de-conciliacion-del-ayto-de-barcelona\\\/#article\",\"isPartOf\":{\"@id\":\"https:\\\/\\\/www.thinkupc.com\\\/es\\\/actualidad\\\/reconocidos-por-el-premio-de-conciliacion-del-ayto-de-barcelona\\\/\"},\"author\":{\"name\":\"Carme Ortol\u00e0\",\"@id\":\"https:\\\/\\\/www.thinkupc.com\\\/es\\\/#\\\/schema\\\/person\\\/b36e74dfb3f3700efe178b34cb890842\"},\"headline\":\"Reconocidos por el premio de conciliaci\u00f3n del Ayto. de Barcelona\",\"datePublished\":\"2017-02-22T10:11:43+00:00\",\"dateModified\":\"2026-04-24T09:40:25+00:00\",\"mainEntityOfPage\":{\"@id\":\"https:\\\/\\\/www.thinkupc.com\\\/es\\\/actualidad\\\/reconocidos-por-el-premio-de-conciliacion-del-ayto-de-barcelona\\\/\"},\"wordCount\":363,\"publisher\":{\"@id\":\"https:\\\/\\\/www.thinkupc.com\\\/es\\\/#organization\"},\"image\":{\"@id\":\"https:\\\/\\\/www.thinkupc.com\\\/es\\\/actualidad\\\/reconocidos-por-el-premio-de-conciliacion-del-ayto-de-barcelona\\\/#primaryimage\"},\"thumbnailUrl\":\"https:\\\/\\\/www.thinkupc.com\\\/wp-content\\\/uploads\\\/2025\\\/01\\\/premi-conciliacio-ajuntament-barcelona.jpg\",\"keywords\":[\"Corporate News\"],\"articleSection\":[\"Actualidad\",\"Corporate News\"],\"inLanguage\":\"es\"},{\"@type\":\"WebPage\",\"@id\":\"https:\\\/\\\/www.thinkupc.com\\\/es\\\/actualidad\\\/reconocidos-por-el-premio-de-conciliacion-del-ayto-de-barcelona\\\/\",\"url\":\"https:\\\/\\\/www.thinkupc.com\\\/es\\\/actualidad\\\/reconocidos-por-el-premio-de-conciliacion-del-ayto-de-barcelona\\\/\",\"name\":\"Reconocidos por el premio de conciliaci\u00f3n del Ayto. de Barcelona - ThinkUPC\",\"isPartOf\":{\"@id\":\"https:\\\/\\\/www.thinkupc.com\\\/es\\\/#website\"},\"primaryImageOfPage\":{\"@id\":\"https:\\\/\\\/www.thinkupc.com\\\/es\\\/actualidad\\\/reconocidos-por-el-premio-de-conciliacion-del-ayto-de-barcelona\\\/#primaryimage\"},\"image\":{\"@id\":\"https:\\\/\\\/www.thinkupc.com\\\/es\\\/actualidad\\\/reconocidos-por-el-premio-de-conciliacion-del-ayto-de-barcelona\\\/#primaryimage\"},\"thumbnailUrl\":\"https:\\\/\\\/www.thinkupc.com\\\/wp-content\\\/uploads\\\/2025\\\/01\\\/premi-conciliacio-ajuntament-barcelona.jpg\",\"datePublished\":\"2017-02-22T10:11:43+00:00\",\"dateModified\":\"2026-04-24T09:40:25+00:00\",\"description\":\"ThinkUPC reconocida por el V Premio Barcelona a la Empresa Innovadora en Conciliaci\u00f3n y Tiempo del Ayuntamiento de Barcelona.\",\"breadcrumb\":{\"@id\":\"https:\\\/\\\/www.thinkupc.com\\\/es\\\/actualidad\\\/reconocidos-por-el-premio-de-conciliacion-del-ayto-de-barcelona\\\/#breadcrumb\"},\"inLanguage\":\"es\",\"potentialAction\":[{\"@type\":\"ReadAction\",\"target\":[\"https:\\\/\\\/www.thinkupc.com\\\/es\\\/actualidad\\\/reconocidos-por-el-premio-de-conciliacion-del-ayto-de-barcelona\\\/\"]}]},{\"@type\":\"ImageObject\",\"inLanguage\":\"es\",\"@id\":\"https:\\\/\\\/www.thinkupc.com\\\/es\\\/actualidad\\\/reconocidos-por-el-premio-de-conciliacion-del-ayto-de-barcelona\\\/#primaryimage\",\"url\":\"https:\\\/\\\/www.thinkupc.com\\\/wp-content\\\/uploads\\\/2025\\\/01\\\/premi-conciliacio-ajuntament-barcelona.jpg\",\"contentUrl\":\"https:\\\/\\\/www.thinkupc.com\\\/wp-content\\\/uploads\\\/2025\\\/01\\\/premi-conciliacio-ajuntament-barcelona.jpg\",\"width\":620,\"height\":350,\"caption\":\"Ganadores del V Premio Barcelona en la Empresa Innovadora en Conciliaci\u00f3n y Tiempo del Ayuntamiento de Barcelona.\"},{\"@type\":\"BreadcrumbList\",\"@id\":\"https:\\\/\\\/www.thinkupc.com\\\/es\\\/actualidad\\\/reconocidos-por-el-premio-de-conciliacion-del-ayto-de-barcelona\\\/#breadcrumb\",\"itemListElement\":[{\"@type\":\"ListItem\",\"position\":1,\"name\":\"Home\",\"item\":\"https:\\\/\\\/www.thinkupc.com\\\/es\\\/thinkupc\\\/\"},{\"@type\":\"ListItem\",\"position\":2,\"name\":\"Actualidad\",\"item\":\"https:\\\/\\\/www.thinkupc.com\\\/es\\\/categoria\\\/actualidad\\\/\"},{\"@type\":\"ListItem\",\"position\":3,\"name\":\"Reconocidos por el premio de conciliaci\u00f3n del Ayto. de Barcelona\"}]},{\"@type\":\"WebSite\",\"@id\":\"https:\\\/\\\/www.thinkupc.com\\\/es\\\/#website\",\"url\":\"https:\\\/\\\/www.thinkupc.com\\\/es\\\/\",\"name\":\"ThinkUPC\",\"description\":\"One Step Ahead in the Digital World\",\"publisher\":{\"@id\":\"https:\\\/\\\/www.thinkupc.com\\\/es\\\/#organization\"},\"potentialAction\":[{\"@type\":\"SearchAction\",\"target\":{\"@type\":\"EntryPoint\",\"urlTemplate\":\"https:\\\/\\\/www.thinkupc.com\\\/es\\\/?s={search_term_string}\"},\"query-input\":{\"@type\":\"PropertyValueSpecification\",\"valueRequired\":true,\"valueName\":\"search_term_string\"}}],\"inLanguage\":\"es\"},{\"@type\":\"Organization\",\"@id\":\"https:\\\/\\\/www.thinkupc.com\\\/es\\\/#organization\",\"name\":\"ThinkUPC\",\"url\":\"https:\\\/\\\/www.thinkupc.com\\\/es\\\/\",\"logo\":{\"@type\":\"ImageObject\",\"inLanguage\":\"es\",\"@id\":\"https:\\\/\\\/www.thinkupc.com\\\/es\\\/#\\\/schema\\\/logo\\\/image\\\/\",\"url\":\"https:\\\/\\\/www.thinkupc.com\\\/wp-content\\\/uploads\\\/2025\\\/03\\\/logo-claim_B.png\",\"contentUrl\":\"https:\\\/\\\/www.thinkupc.com\\\/wp-content\\\/uploads\\\/2025\\\/03\\\/logo-claim_B.png\",\"width\":2325,\"height\":1027,\"caption\":\"ThinkUPC\"},\"image\":{\"@id\":\"https:\\\/\\\/www.thinkupc.com\\\/es\\\/#\\\/schema\\\/logo\\\/image\\\/\"},\"sameAs\":[\"https:\\\/\\\/bsky.app\\\/profile\\\/thinkupc.com\",\"https:\\\/\\\/es.linkedin.com\\\/company\\\/thinkupc\"]},{\"@type\":\"Person\",\"@id\":\"https:\\\/\\\/www.thinkupc.com\\\/es\\\/#\\\/schema\\\/person\\\/b36e74dfb3f3700efe178b34cb890842\",\"name\":\"Carme Ortol\u00e0\",\"image\":{\"@type\":\"ImageObject\",\"inLanguage\":\"es\",\"@id\":\"https:\\\/\\\/secure.gravatar.com\\\/avatar\\\/71192d8a2a673f51afa288b94d33413ee532108948cea03d6c2f7392a774c3da?s=96&d=mm&r=g\",\"url\":\"https:\\\/\\\/secure.gravatar.com\\\/avatar\\\/71192d8a2a673f51afa288b94d33413ee532108948cea03d6c2f7392a774c3da?s=96&d=mm&r=g\",\"contentUrl\":\"https:\\\/\\\/secure.gravatar.com\\\/avatar\\\/71192d8a2a673f51afa288b94d33413ee532108948cea03d6c2f7392a774c3da?s=96&d=mm&r=g\",\"caption\":\"Carme Ortol\u00e0\"},\"url\":\"https:\\\/\\\/www.thinkupc.com\\\/es\\\/author\\\/carme-ortola\\\/\"}]}<\/script>\n<!-- \/ Yoast SEO plugin. -->","yoast_head_json":{"title":"Reconocidos por el premio de conciliaci\u00f3n del Ayto. de Barcelona - ThinkUPC","description":"ThinkUPC reconocida por el V Premio Barcelona a la Empresa Innovadora en Conciliaci\u00f3n y Tiempo del Ayuntamiento de Barcelona.","robots":{"index":"index","follow":"follow","max-snippet":"max-snippet:-1","max-image-preview":"max-image-preview:large","max-video-preview":"max-video-preview:-1"},"canonical":"https:\/\/www.thinkupc.com\/es\/actualidad\/reconocidos-por-el-premio-de-conciliacion-del-ayto-de-barcelona\/","og_locale":"es_ES","og_type":"article","og_title":"Reconocidos por el premio de conciliaci\u00f3n del Ayto. de Barcelona - ThinkUPC","og_description":"ThinkUPC reconocida por el V Premio Barcelona a la Empresa Innovadora en Conciliaci\u00f3n y Tiempo del Ayuntamiento de Barcelona.","og_url":"https:\/\/www.thinkupc.com\/es\/actualidad\/reconocidos-por-el-premio-de-conciliacion-del-ayto-de-barcelona\/","og_site_name":"ThinkUPC","article_published_time":"2017-02-22T10:11:43+00:00","article_modified_time":"2026-04-24T09:40:25+00:00","og_image":[{"width":620,"height":350,"url":"https:\/\/www.thinkupc.com\/wp-content\/uploads\/2025\/01\/premi-conciliacio-ajuntament-barcelona.jpg","type":"image\/jpeg"}],"author":"Carme Ortol\u00e0","twitter_card":"summary_large_image","twitter_misc":{"Escrito por":"Carme Ortol\u00e0"},"schema":{"@context":"https:\/\/schema.org","@graph":[{"@type":"Article","@id":"https:\/\/www.thinkupc.com\/es\/actualidad\/reconocidos-por-el-premio-de-conciliacion-del-ayto-de-barcelona\/#article","isPartOf":{"@id":"https:\/\/www.thinkupc.com\/es\/actualidad\/reconocidos-por-el-premio-de-conciliacion-del-ayto-de-barcelona\/"},"author":{"name":"Carme Ortol\u00e0","@id":"https:\/\/www.thinkupc.com\/es\/#\/schema\/person\/b36e74dfb3f3700efe178b34cb890842"},"headline":"Reconocidos por el premio de conciliaci\u00f3n del Ayto. de Barcelona","datePublished":"2017-02-22T10:11:43+00:00","dateModified":"2026-04-24T09:40:25+00:00","mainEntityOfPage":{"@id":"https:\/\/www.thinkupc.com\/es\/actualidad\/reconocidos-por-el-premio-de-conciliacion-del-ayto-de-barcelona\/"},"wordCount":363,"publisher":{"@id":"https:\/\/www.thinkupc.com\/es\/#organization"},"image":{"@id":"https:\/\/www.thinkupc.com\/es\/actualidad\/reconocidos-por-el-premio-de-conciliacion-del-ayto-de-barcelona\/#primaryimage"},"thumbnailUrl":"https:\/\/www.thinkupc.com\/wp-content\/uploads\/2025\/01\/premi-conciliacio-ajuntament-barcelona.jpg","keywords":["Corporate News"],"articleSection":["Actualidad","Corporate News"],"inLanguage":"es"},{"@type":"WebPage","@id":"https:\/\/www.thinkupc.com\/es\/actualidad\/reconocidos-por-el-premio-de-conciliacion-del-ayto-de-barcelona\/","url":"https:\/\/www.thinkupc.com\/es\/actualidad\/reconocidos-por-el-premio-de-conciliacion-del-ayto-de-barcelona\/","name":"Reconocidos por el premio de conciliaci\u00f3n del Ayto. de Barcelona - ThinkUPC","isPartOf":{"@id":"https:\/\/www.thinkupc.com\/es\/#website"},"primaryImageOfPage":{"@id":"https:\/\/www.thinkupc.com\/es\/actualidad\/reconocidos-por-el-premio-de-conciliacion-del-ayto-de-barcelona\/#primaryimage"},"image":{"@id":"https:\/\/www.thinkupc.com\/es\/actualidad\/reconocidos-por-el-premio-de-conciliacion-del-ayto-de-barcelona\/#primaryimage"},"thumbnailUrl":"https:\/\/www.thinkupc.com\/wp-content\/uploads\/2025\/01\/premi-conciliacio-ajuntament-barcelona.jpg","datePublished":"2017-02-22T10:11:43+00:00","dateModified":"2026-04-24T09:40:25+00:00","description":"ThinkUPC reconocida por el V Premio Barcelona a la Empresa Innovadora en Conciliaci\u00f3n y Tiempo del Ayuntamiento de Barcelona.","breadcrumb":{"@id":"https:\/\/www.thinkupc.com\/es\/actualidad\/reconocidos-por-el-premio-de-conciliacion-del-ayto-de-barcelona\/#breadcrumb"},"inLanguage":"es","potentialAction":[{"@type":"ReadAction","target":["https:\/\/www.thinkupc.com\/es\/actualidad\/reconocidos-por-el-premio-de-conciliacion-del-ayto-de-barcelona\/"]}]},{"@type":"ImageObject","inLanguage":"es","@id":"https:\/\/www.thinkupc.com\/es\/actualidad\/reconocidos-por-el-premio-de-conciliacion-del-ayto-de-barcelona\/#primaryimage","url":"https:\/\/www.thinkupc.com\/wp-content\/uploads\/2025\/01\/premi-conciliacio-ajuntament-barcelona.jpg","contentUrl":"https:\/\/www.thinkupc.com\/wp-content\/uploads\/2025\/01\/premi-conciliacio-ajuntament-barcelona.jpg","width":620,"height":350,"caption":"Ganadores del V Premio Barcelona en la Empresa Innovadora en Conciliaci\u00f3n y Tiempo del Ayuntamiento de Barcelona."},{"@type":"BreadcrumbList","@id":"https:\/\/www.thinkupc.com\/es\/actualidad\/reconocidos-por-el-premio-de-conciliacion-del-ayto-de-barcelona\/#breadcrumb","itemListElement":[{"@type":"ListItem","position":1,"name":"Home","item":"https:\/\/www.thinkupc.com\/es\/thinkupc\/"},{"@type":"ListItem","position":2,"name":"Actualidad","item":"https:\/\/www.thinkupc.com\/es\/categoria\/actualidad\/"},{"@type":"ListItem","position":3,"name":"Reconocidos por el premio de conciliaci\u00f3n del Ayto. de Barcelona"}]},{"@type":"WebSite","@id":"https:\/\/www.thinkupc.com\/es\/#website","url":"https:\/\/www.thinkupc.com\/es\/","name":"ThinkUPC","description":"One Step Ahead in the Digital World","publisher":{"@id":"https:\/\/www.thinkupc.com\/es\/#organization"},"potentialAction":[{"@type":"SearchAction","target":{"@type":"EntryPoint","urlTemplate":"https:\/\/www.thinkupc.com\/es\/?s={search_term_string}"},"query-input":{"@type":"PropertyValueSpecification","valueRequired":true,"valueName":"search_term_string"}}],"inLanguage":"es"},{"@type":"Organization","@id":"https:\/\/www.thinkupc.com\/es\/#organization","name":"ThinkUPC","url":"https:\/\/www.thinkupc.com\/es\/","logo":{"@type":"ImageObject","inLanguage":"es","@id":"https:\/\/www.thinkupc.com\/es\/#\/schema\/logo\/image\/","url":"https:\/\/www.thinkupc.com\/wp-content\/uploads\/2025\/03\/logo-claim_B.png","contentUrl":"https:\/\/www.thinkupc.com\/wp-content\/uploads\/2025\/03\/logo-claim_B.png","width":2325,"height":1027,"caption":"ThinkUPC"},"image":{"@id":"https:\/\/www.thinkupc.com\/es\/#\/schema\/logo\/image\/"},"sameAs":["https:\/\/bsky.app\/profile\/thinkupc.com","https:\/\/es.linkedin.com\/company\/thinkupc"]},{"@type":"Person","@id":"https:\/\/www.thinkupc.com\/es\/#\/schema\/person\/b36e74dfb3f3700efe178b34cb890842","name":"Carme Ortol\u00e0","image":{"@type":"ImageObject","inLanguage":"es","@id":"https:\/\/secure.gravatar.com\/avatar\/71192d8a2a673f51afa288b94d33413ee532108948cea03d6c2f7392a774c3da?s=96&d=mm&r=g","url":"https:\/\/secure.gravatar.com\/avatar\/71192d8a2a673f51afa288b94d33413ee532108948cea03d6c2f7392a774c3da?s=96&d=mm&r=g","contentUrl":"https:\/\/secure.gravatar.com\/avatar\/71192d8a2a673f51afa288b94d33413ee532108948cea03d6c2f7392a774c3da?s=96&d=mm&r=g","caption":"Carme Ortol\u00e0"},"url":"https:\/\/www.thinkupc.com\/es\/author\/carme-ortola\/"}]}},"_links":{"self":[{"href":"https:\/\/www.thinkupc.com\/es\/wp-json\/wp\/v2\/posts\/5731","targetHints":{"allow":["GET"]}}],"collection":[{"href":"https:\/\/www.thinkupc.com\/es\/wp-json\/wp\/v2\/posts"}],"about":[{"href":"https:\/\/www.thinkupc.com\/es\/wp-json\/wp\/v2\/types\/post"}],"author":[{"embeddable":true,"href":"https:\/\/www.thinkupc.com\/es\/wp-json\/wp\/v2\/users\/6"}],"replies":[{"embeddable":true,"href":"https:\/\/www.thinkupc.com\/es\/wp-json\/wp\/v2\/comments?post=5731"}],"version-history":[{"count":1,"href":"https:\/\/www.thinkupc.com\/es\/wp-json\/wp\/v2\/posts\/5731\/revisions"}],"predecessor-version":[{"id":14559,"href":"https:\/\/www.thinkupc.com\/es\/wp-json\/wp\/v2\/posts\/5731\/revisions\/14559"}],"wp:featuredmedia":[{"embeddable":true,"href":"https:\/\/www.thinkupc.com\/es\/wp-json\/wp\/v2\/media\/4641"}],"wp:attachment":[{"href":"https:\/\/www.thinkupc.com\/es\/wp-json\/wp\/v2\/media?parent=5731"}],"wp:term":[{"taxonomy":"category","embeddable":true,"href":"https:\/\/www.thinkupc.com\/es\/wp-json\/wp\/v2\/categories?post=5731"},{"taxonomy":"post_tag","embeddable":true,"href":"https:\/\/www.thinkupc.com\/es\/wp-json\/wp\/v2\/tags?post=5731"}],"curies":[{"name":"wp","href":"https:\/\/api.w.org\/{rel}","templated":true}]}}