{"id":14550,"date":"2026-04-23T20:19:56","date_gmt":"2026-04-23T19:19:56","guid":{"rendered":"https:\/\/www.thinkupc.com\/sin-categoria\/el-nexus-i-es-transforma-en-leia-upc-ledifici-de-la-intel%c2%b7ligencia-artificial-upc\/"},"modified":"2026-04-24T10:37:15","modified_gmt":"2026-04-24T09:37:15","slug":"el-nexus-i-es-transforma-en-leia-upc-ledifici-de-la-intel%c2%b7ligencia-artificial-upc","status":"publish","type":"post","link":"https:\/\/www.thinkupc.com\/es\/actualidad\/el-nexus-i-es-transforma-en-leia-upc-ledifici-de-la-intel%c2%b7ligencia-artificial-upc\/","title":{"rendered":"Nexus I se transforma en LEIA UPC, el Edificio de la Inteligencia Artificial de la UPC"},"content":{"rendered":"\t\t<div data-elementor-type=\"wp-post\" data-elementor-id=\"14550\" class=\"elementor elementor-14550 elementor-14469\" data-elementor-post-type=\"post\">\n\t\t\t\t<div class=\"elementor-element elementor-element-70c4a34 e-flex e-con-boxed e-con e-parent\" data-id=\"70c4a34\" data-element_type=\"container\" data-e-type=\"container\">\n\t\t\t\t\t<div class=\"e-con-inner\">\n\t\t\t\t<div class=\"elementor-element elementor-element-008fe7d elementor-widget elementor-widget-text-editor\" data-id=\"008fe7d\" data-element_type=\"widget\" data-e-type=\"widget\" data-widget_type=\"text-editor.default\">\n\t\t\t\t\t\t\t\t\t<p>El pasado 22 de abril asistimos al acto de presentaci\u00f3n de<b> LEIA UPC<\/b>, la nueva identidad del edificio donde se ubica nuestra sede. El antiguo Nexus I inicia as\u00ed una etapa estrat\u00e9gica como nodo de innovaci\u00f3n que articula la Estrategia de la Inteligencia Artificial de la Universitat Polit\u00e8cnica de Catalunya (UPC).<\/p><p>El acto cont\u00f3 con la participaci\u00f3n de <b>Miquel Soriano<\/b>, director general de Universidades de la Generalitat de Catalunya; <b>Francesc Torres<\/b>, rector de la UPC; <b>Montserrat Gu\u00e0rdia<\/b>, presidenta del Consejo Social de la UPC, y <b>Jaume Miralles<\/b>, director general de Inteligencia Artificial, Eficiencia y Datos en la Administraci\u00f3n de la Generalitat. Todos coincidieron en destacar la importancia de este espacio para consolidar a la Universidad como un referente internacional en el \u00e1mbito de la tecnolog\u00eda avanzada.<\/p><h2>Un ecosistema de talento y transferencia tecnol\u00f3gica<\/h2><p>El edificio LEIA UPC nace con el objetivo de facilitar la simbiosis entre la investigaci\u00f3n, la transferencia de conocimiento y la gesti\u00f3n. Como empresa de la Universidad experta en servicios digitales e inteligencia artificial, en <b>ThinkUPC<\/b> nos integramos en este ecosistema para continuar aportando soluciones innovadoras que mejoren la competitividad de las organizaciones y la vida de las personas.<\/p><p>Compartir este entorno con centros de investigaci\u00f3n de alto nivel y profesionales de la ingenier\u00eda y la consultor\u00eda nos permite potenciar las sinergias y mantenernos a la vanguardia de la transformaci\u00f3n digital. Adem\u00e1s, en los pr\u00f3ximos meses, el edificio tambi\u00e9n acoger\u00e1 las nuevas oficinas del equipo de <strong>UPCnet<\/strong>, consolidando este espacio como un punto de encuentro tecnol\u00f3gico de primer nivel en el Campus Diagonal Nord.<\/p><h2>Conectando universidad y sociedad<\/h2><p><b>Javier Otero<\/b>, director de Inteligencia Artificial de ThinkUPC, destaca el valor estrat\u00e9gico de esta nueva ubicaci\u00f3n: \u201c<em>Formar parte de LEIA UPC nos permite consolidar nuestro papel de conector entre la Universidad, las empresas y la sociedad. Adem\u00e1s, reforzamos el c\u00edrculo virtuoso establecido entre ThinkUPC y UPCnet. Desde aqu\u00ed, no solo contribuimos a que la investigaci\u00f3n y el conocimiento de vanguardia en IA generado en la UPC se traduzca en soluciones reales para las organizaciones, sino que tambi\u00e9n devolvemos la experiencia que adquirimos en el mercado a la UPC en forma de nuevos servicios, alimentando el ecosistema universitario con una visi\u00f3n aplicada de la Inteligencia Artificial<\/em>\u201d.<\/p><h2>Compromiso con la inteligencia artificial responsable<\/h2><p>La puesta en marcha de LEIA UPC se enmarca en el Plan de Actuaciones de la UPC 2025-2028. El programa establece un marco de gobernanza para un uso responsable de la inteligencia artificial, incidiendo en la docencia, la investigaci\u00f3n y la gesti\u00f3n universitaria.<\/p><p>Para ThinkUPC, esta nueva etapa reafirma el compromiso de continuar liderando proyectos y servicios que integran la tecnolog\u00eda desde una vertiente \u00e9tica y eficiente, acompa\u00f1ando a las empresas y a la sociedad en la transformaci\u00f3n que est\u00e1 originando la Inteligencia Artificial en todos los \u00e1mbitos: estrategia, aplicaciones, gesti\u00f3n del talento, ciberseguridad e infraestructuras tecnol\u00f3gicas.<\/p><p>\u00a0<\/p><div style=\"margin: 0px; background-color: #f5f5f5; border-radius: 0px; position: relative; padding: 1.25rem 2.5rem 1.25rem 1.5rem;\">Puedes leer todos los detalles de la presentaci\u00f3n de LEIA UPC en <a href=\"https:\/\/www.upc.edu\/es\/sala-de-prensa\/noticias\/se-presenta-leia-upc-el-programa-que-articula-la-estrategia-de-la-inteligencia-artificial-de-la-upc\" target=\"_blank\" rel=\"noopener\">la noticia publicada en la Sala de Prensa de la UPC<\/a>.<\/div>\t\t\t\t\t\t\t\t<\/div>\n\t\t\t\t\t<\/div>\n\t\t\t\t<\/div>\n\t\t\t\t<\/div>\n\t\t","protected":false},"excerpt":{"rendered":"<p>El edificio Nexus I pasa a denominarse LEIA UPC. ThinkUPC se integra en este nuevo nodo de referencia de la IA de la UPC. <\/p>\n","protected":false},"author":30,"featured_media":14543,"comment_status":"closed","ping_status":"closed","sticky":false,"template":"","format":"standard","meta":{"_acf_changed":false,"footnotes":""},"categories":[145,313],"tags":[344],"class_list":["post-14550","post","type-post","status-publish","format-standard","has-post-thumbnail","hentry","category-actualidad","category-corporate-news-es","tag-corporate-news"],"acf":[],"yoast_head":"<!-- This site is optimized with the Yoast SEO plugin v27.4 - https:\/\/yoast.com\/product\/yoast-seo-wordpress\/ -->\n<title>Nexus I se transforma en LEIA UPC, el Edificio de la Inteligencia Artificial de la UPC<\/title>\n<meta name=\"description\" content=\"El edificio Nexus I pasa a denominarse LEIA UPC. ThinkUPC se integra en este nuevo nodo de referencia de la IA de la UPC.\" \/>\n<meta name=\"robots\" content=\"index, follow, max-snippet:-1, max-image-preview:large, max-video-preview:-1\" \/>\n<link rel=\"canonical\" href=\"https:\/\/www.thinkupc.com\/es\/actualidad\/el-nexus-i-es-transforma-en-leia-upc-ledifici-de-la-intel%c2%b7ligencia-artificial-upc\/\" \/>\n<meta property=\"og:locale\" content=\"es_ES\" \/>\n<meta property=\"og:type\" content=\"article\" \/>\n<meta property=\"og:title\" content=\"Nexus I se transforma en LEIA UPC, el Edificio de la Inteligencia Artificial de la UPC\" \/>\n<meta property=\"og:description\" content=\"El edificio Nexus I pasa a denominarse LEIA UPC. ThinkUPC se integra en este nuevo nodo de referencia de la IA de la UPC.\" \/>\n<meta property=\"og:url\" content=\"https:\/\/www.thinkupc.com\/es\/actualidad\/el-nexus-i-es-transforma-en-leia-upc-ledifici-de-la-intel%c2%b7ligencia-artificial-upc\/\" \/>\n<meta property=\"og:site_name\" content=\"ThinkUPC\" \/>\n<meta property=\"article:published_time\" content=\"2026-04-23T19:19:56+00:00\" \/>\n<meta property=\"article:modified_time\" content=\"2026-04-24T09:37:15+00:00\" \/>\n<meta property=\"og:image\" content=\"https:\/\/www.thinkupc.com\/wp-content\/uploads\/2026\/04\/presentacio-edifici-leia-upc.jpg\" \/>\n\t<meta property=\"og:image:width\" content=\"1400\" \/>\n\t<meta property=\"og:image:height\" content=\"933\" \/>\n\t<meta property=\"og:image:type\" content=\"image\/jpeg\" \/>\n<meta name=\"author\" content=\"Javier Otero\" \/>\n<meta name=\"twitter:card\" content=\"summary_large_image\" \/>\n<meta name=\"twitter:label1\" content=\"Escrito por\" \/>\n\t<meta name=\"twitter:data1\" content=\"Javier Otero\" \/>\n\t<meta name=\"twitter:label2\" content=\"Tiempo de lectura\" \/>\n\t<meta name=\"twitter:data2\" content=\"3 minutos\" \/>\n<script type=\"application\/ld+json\" class=\"yoast-schema-graph\">{\"@context\":\"https:\\\/\\\/schema.org\",\"@graph\":[{\"@type\":\"Article\",\"@id\":\"https:\\\/\\\/www.thinkupc.com\\\/es\\\/actualidad\\\/el-nexus-i-es-transforma-en-leia-upc-ledifici-de-la-intel%c2%b7ligencia-artificial-upc\\\/#article\",\"isPartOf\":{\"@id\":\"https:\\\/\\\/www.thinkupc.com\\\/es\\\/actualidad\\\/el-nexus-i-es-transforma-en-leia-upc-ledifici-de-la-intel%c2%b7ligencia-artificial-upc\\\/\"},\"author\":{\"name\":\"Javier Otero\",\"@id\":\"https:\\\/\\\/www.thinkupc.com\\\/es\\\/#\\\/schema\\\/person\\\/e9c4eb2ebe12f20d120c4e4513e613c7\"},\"headline\":\"Nexus I se transforma en LEIA UPC, el Edificio de la Inteligencia Artificial de la UPC\",\"datePublished\":\"2026-04-23T19:19:56+00:00\",\"dateModified\":\"2026-04-24T09:37:15+00:00\",\"mainEntityOfPage\":{\"@id\":\"https:\\\/\\\/www.thinkupc.com\\\/es\\\/actualidad\\\/el-nexus-i-es-transforma-en-leia-upc-ledifici-de-la-intel%c2%b7ligencia-artificial-upc\\\/\"},\"wordCount\":541,\"publisher\":{\"@id\":\"https:\\\/\\\/www.thinkupc.com\\\/es\\\/#organization\"},\"image\":{\"@id\":\"https:\\\/\\\/www.thinkupc.com\\\/es\\\/actualidad\\\/el-nexus-i-es-transforma-en-leia-upc-ledifici-de-la-intel%c2%b7ligencia-artificial-upc\\\/#primaryimage\"},\"thumbnailUrl\":\"https:\\\/\\\/www.thinkupc.com\\\/wp-content\\\/uploads\\\/2026\\\/04\\\/presentacio-edifici-leia-upc.jpg\",\"keywords\":[\"Corporate News\"],\"articleSection\":[\"Actualidad\",\"Corporate News\"],\"inLanguage\":\"es\"},{\"@type\":\"WebPage\",\"@id\":\"https:\\\/\\\/www.thinkupc.com\\\/es\\\/actualidad\\\/el-nexus-i-es-transforma-en-leia-upc-ledifici-de-la-intel%c2%b7ligencia-artificial-upc\\\/\",\"url\":\"https:\\\/\\\/www.thinkupc.com\\\/es\\\/actualidad\\\/el-nexus-i-es-transforma-en-leia-upc-ledifici-de-la-intel%c2%b7ligencia-artificial-upc\\\/\",\"name\":\"Nexus I se transforma en LEIA UPC, el Edificio de la Inteligencia Artificial de la UPC\",\"isPartOf\":{\"@id\":\"https:\\\/\\\/www.thinkupc.com\\\/es\\\/#website\"},\"primaryImageOfPage\":{\"@id\":\"https:\\\/\\\/www.thinkupc.com\\\/es\\\/actualidad\\\/el-nexus-i-es-transforma-en-leia-upc-ledifici-de-la-intel%c2%b7ligencia-artificial-upc\\\/#primaryimage\"},\"image\":{\"@id\":\"https:\\\/\\\/www.thinkupc.com\\\/es\\\/actualidad\\\/el-nexus-i-es-transforma-en-leia-upc-ledifici-de-la-intel%c2%b7ligencia-artificial-upc\\\/#primaryimage\"},\"thumbnailUrl\":\"https:\\\/\\\/www.thinkupc.com\\\/wp-content\\\/uploads\\\/2026\\\/04\\\/presentacio-edifici-leia-upc.jpg\",\"datePublished\":\"2026-04-23T19:19:56+00:00\",\"dateModified\":\"2026-04-24T09:37:15+00:00\",\"description\":\"El edificio Nexus I pasa a denominarse LEIA UPC. ThinkUPC se integra en este nuevo nodo de referencia de la IA de la UPC.\",\"breadcrumb\":{\"@id\":\"https:\\\/\\\/www.thinkupc.com\\\/es\\\/actualidad\\\/el-nexus-i-es-transforma-en-leia-upc-ledifici-de-la-intel%c2%b7ligencia-artificial-upc\\\/#breadcrumb\"},\"inLanguage\":\"es\",\"potentialAction\":[{\"@type\":\"ReadAction\",\"target\":[\"https:\\\/\\\/www.thinkupc.com\\\/es\\\/actualidad\\\/el-nexus-i-es-transforma-en-leia-upc-ledifici-de-la-intel%c2%b7ligencia-artificial-upc\\\/\"]}]},{\"@type\":\"ImageObject\",\"inLanguage\":\"es\",\"@id\":\"https:\\\/\\\/www.thinkupc.com\\\/es\\\/actualidad\\\/el-nexus-i-es-transforma-en-leia-upc-ledifici-de-la-intel%c2%b7ligencia-artificial-upc\\\/#primaryimage\",\"url\":\"https:\\\/\\\/www.thinkupc.com\\\/wp-content\\\/uploads\\\/2026\\\/04\\\/presentacio-edifici-leia-upc.jpg\",\"contentUrl\":\"https:\\\/\\\/www.thinkupc.com\\\/wp-content\\\/uploads\\\/2026\\\/04\\\/presentacio-edifici-leia-upc.jpg\",\"width\":1400,\"height\":933,\"caption\":\"Miquel Soriano, Francesc Torres, Montserrat Gu\u00e0rdia y Jaume Miralles, acompa\u00f1ados por el director general de ThinkUPC, Josep Maria Ciervo, y otros representantes institucionales durante el acto de presentaci\u00f3n de LEIA UPC.\"},{\"@type\":\"BreadcrumbList\",\"@id\":\"https:\\\/\\\/www.thinkupc.com\\\/es\\\/actualidad\\\/el-nexus-i-es-transforma-en-leia-upc-ledifici-de-la-intel%c2%b7ligencia-artificial-upc\\\/#breadcrumb\",\"itemListElement\":[{\"@type\":\"ListItem\",\"position\":1,\"name\":\"Home\",\"item\":\"https:\\\/\\\/www.thinkupc.com\\\/es\\\/thinkupc\\\/\"},{\"@type\":\"ListItem\",\"position\":2,\"name\":\"Actualidad\",\"item\":\"https:\\\/\\\/www.thinkupc.com\\\/es\\\/categoria\\\/actualidad\\\/\"},{\"@type\":\"ListItem\",\"position\":3,\"name\":\"Nexus I se transforma en LEIA UPC, el Edificio de la Inteligencia Artificial de la UPC\"}]},{\"@type\":\"WebSite\",\"@id\":\"https:\\\/\\\/www.thinkupc.com\\\/es\\\/#website\",\"url\":\"https:\\\/\\\/www.thinkupc.com\\\/es\\\/\",\"name\":\"ThinkUPC\",\"description\":\"One Step Ahead in the Digital World\",\"publisher\":{\"@id\":\"https:\\\/\\\/www.thinkupc.com\\\/es\\\/#organization\"},\"potentialAction\":[{\"@type\":\"SearchAction\",\"target\":{\"@type\":\"EntryPoint\",\"urlTemplate\":\"https:\\\/\\\/www.thinkupc.com\\\/es\\\/?s={search_term_string}\"},\"query-input\":{\"@type\":\"PropertyValueSpecification\",\"valueRequired\":true,\"valueName\":\"search_term_string\"}}],\"inLanguage\":\"es\"},{\"@type\":\"Organization\",\"@id\":\"https:\\\/\\\/www.thinkupc.com\\\/es\\\/#organization\",\"name\":\"ThinkUPC\",\"url\":\"https:\\\/\\\/www.thinkupc.com\\\/es\\\/\",\"logo\":{\"@type\":\"ImageObject\",\"inLanguage\":\"es\",\"@id\":\"https:\\\/\\\/www.thinkupc.com\\\/es\\\/#\\\/schema\\\/logo\\\/image\\\/\",\"url\":\"https:\\\/\\\/www.thinkupc.com\\\/wp-content\\\/uploads\\\/2025\\\/03\\\/logo-claim_B.png\",\"contentUrl\":\"https:\\\/\\\/www.thinkupc.com\\\/wp-content\\\/uploads\\\/2025\\\/03\\\/logo-claim_B.png\",\"width\":2325,\"height\":1027,\"caption\":\"ThinkUPC\"},\"image\":{\"@id\":\"https:\\\/\\\/www.thinkupc.com\\\/es\\\/#\\\/schema\\\/logo\\\/image\\\/\"},\"sameAs\":[\"https:\\\/\\\/bsky.app\\\/profile\\\/thinkupc.com\",\"https:\\\/\\\/es.linkedin.com\\\/company\\\/thinkupc\"]},{\"@type\":\"Person\",\"@id\":\"https:\\\/\\\/www.thinkupc.com\\\/es\\\/#\\\/schema\\\/person\\\/e9c4eb2ebe12f20d120c4e4513e613c7\",\"name\":\"Javier Otero\",\"image\":{\"@type\":\"ImageObject\",\"inLanguage\":\"es\",\"@id\":\"https:\\\/\\\/secure.gravatar.com\\\/avatar\\\/4461fc6c334f269d377c235d0b5e5af481941f29dfe83bdd6ffa17f49b4061c7?s=96&d=mm&r=g\",\"url\":\"https:\\\/\\\/secure.gravatar.com\\\/avatar\\\/4461fc6c334f269d377c235d0b5e5af481941f29dfe83bdd6ffa17f49b4061c7?s=96&d=mm&r=g\",\"contentUrl\":\"https:\\\/\\\/secure.gravatar.com\\\/avatar\\\/4461fc6c334f269d377c235d0b5e5af481941f29dfe83bdd6ffa17f49b4061c7?s=96&d=mm&r=g\",\"caption\":\"Javier Otero\"},\"url\":\"https:\\\/\\\/www.thinkupc.com\\\/es\\\/author\\\/javier-otero\\\/\"}]}<\/script>\n<!-- \/ Yoast SEO plugin. -->","yoast_head_json":{"title":"Nexus I se transforma en LEIA UPC, el Edificio de la Inteligencia Artificial de la UPC","description":"El edificio Nexus I pasa a denominarse LEIA UPC. ThinkUPC se integra en este nuevo nodo de referencia de la IA de la UPC.","robots":{"index":"index","follow":"follow","max-snippet":"max-snippet:-1","max-image-preview":"max-image-preview:large","max-video-preview":"max-video-preview:-1"},"canonical":"https:\/\/www.thinkupc.com\/es\/actualidad\/el-nexus-i-es-transforma-en-leia-upc-ledifici-de-la-intel%c2%b7ligencia-artificial-upc\/","og_locale":"es_ES","og_type":"article","og_title":"Nexus I se transforma en LEIA UPC, el Edificio de la Inteligencia Artificial de la UPC","og_description":"El edificio Nexus I pasa a denominarse LEIA UPC. ThinkUPC se integra en este nuevo nodo de referencia de la IA de la UPC.","og_url":"https:\/\/www.thinkupc.com\/es\/actualidad\/el-nexus-i-es-transforma-en-leia-upc-ledifici-de-la-intel%c2%b7ligencia-artificial-upc\/","og_site_name":"ThinkUPC","article_published_time":"2026-04-23T19:19:56+00:00","article_modified_time":"2026-04-24T09:37:15+00:00","og_image":[{"width":1400,"height":933,"url":"https:\/\/www.thinkupc.com\/wp-content\/uploads\/2026\/04\/presentacio-edifici-leia-upc.jpg","type":"image\/jpeg"}],"author":"Javier Otero","twitter_card":"summary_large_image","twitter_misc":{"Escrito por":"Javier Otero","Tiempo de lectura":"3 minutos"},"schema":{"@context":"https:\/\/schema.org","@graph":[{"@type":"Article","@id":"https:\/\/www.thinkupc.com\/es\/actualidad\/el-nexus-i-es-transforma-en-leia-upc-ledifici-de-la-intel%c2%b7ligencia-artificial-upc\/#article","isPartOf":{"@id":"https:\/\/www.thinkupc.com\/es\/actualidad\/el-nexus-i-es-transforma-en-leia-upc-ledifici-de-la-intel%c2%b7ligencia-artificial-upc\/"},"author":{"name":"Javier Otero","@id":"https:\/\/www.thinkupc.com\/es\/#\/schema\/person\/e9c4eb2ebe12f20d120c4e4513e613c7"},"headline":"Nexus I se transforma en LEIA UPC, el Edificio de la Inteligencia Artificial de la UPC","datePublished":"2026-04-23T19:19:56+00:00","dateModified":"2026-04-24T09:37:15+00:00","mainEntityOfPage":{"@id":"https:\/\/www.thinkupc.com\/es\/actualidad\/el-nexus-i-es-transforma-en-leia-upc-ledifici-de-la-intel%c2%b7ligencia-artificial-upc\/"},"wordCount":541,"publisher":{"@id":"https:\/\/www.thinkupc.com\/es\/#organization"},"image":{"@id":"https:\/\/www.thinkupc.com\/es\/actualidad\/el-nexus-i-es-transforma-en-leia-upc-ledifici-de-la-intel%c2%b7ligencia-artificial-upc\/#primaryimage"},"thumbnailUrl":"https:\/\/www.thinkupc.com\/wp-content\/uploads\/2026\/04\/presentacio-edifici-leia-upc.jpg","keywords":["Corporate News"],"articleSection":["Actualidad","Corporate News"],"inLanguage":"es"},{"@type":"WebPage","@id":"https:\/\/www.thinkupc.com\/es\/actualidad\/el-nexus-i-es-transforma-en-leia-upc-ledifici-de-la-intel%c2%b7ligencia-artificial-upc\/","url":"https:\/\/www.thinkupc.com\/es\/actualidad\/el-nexus-i-es-transforma-en-leia-upc-ledifici-de-la-intel%c2%b7ligencia-artificial-upc\/","name":"Nexus I se transforma en LEIA UPC, el Edificio de la Inteligencia Artificial de la UPC","isPartOf":{"@id":"https:\/\/www.thinkupc.com\/es\/#website"},"primaryImageOfPage":{"@id":"https:\/\/www.thinkupc.com\/es\/actualidad\/el-nexus-i-es-transforma-en-leia-upc-ledifici-de-la-intel%c2%b7ligencia-artificial-upc\/#primaryimage"},"image":{"@id":"https:\/\/www.thinkupc.com\/es\/actualidad\/el-nexus-i-es-transforma-en-leia-upc-ledifici-de-la-intel%c2%b7ligencia-artificial-upc\/#primaryimage"},"thumbnailUrl":"https:\/\/www.thinkupc.com\/wp-content\/uploads\/2026\/04\/presentacio-edifici-leia-upc.jpg","datePublished":"2026-04-23T19:19:56+00:00","dateModified":"2026-04-24T09:37:15+00:00","description":"El edificio Nexus I pasa a denominarse LEIA UPC. ThinkUPC se integra en este nuevo nodo de referencia de la IA de la UPC.","breadcrumb":{"@id":"https:\/\/www.thinkupc.com\/es\/actualidad\/el-nexus-i-es-transforma-en-leia-upc-ledifici-de-la-intel%c2%b7ligencia-artificial-upc\/#breadcrumb"},"inLanguage":"es","potentialAction":[{"@type":"ReadAction","target":["https:\/\/www.thinkupc.com\/es\/actualidad\/el-nexus-i-es-transforma-en-leia-upc-ledifici-de-la-intel%c2%b7ligencia-artificial-upc\/"]}]},{"@type":"ImageObject","inLanguage":"es","@id":"https:\/\/www.thinkupc.com\/es\/actualidad\/el-nexus-i-es-transforma-en-leia-upc-ledifici-de-la-intel%c2%b7ligencia-artificial-upc\/#primaryimage","url":"https:\/\/www.thinkupc.com\/wp-content\/uploads\/2026\/04\/presentacio-edifici-leia-upc.jpg","contentUrl":"https:\/\/www.thinkupc.com\/wp-content\/uploads\/2026\/04\/presentacio-edifici-leia-upc.jpg","width":1400,"height":933,"caption":"Miquel Soriano, Francesc Torres, Montserrat Gu\u00e0rdia y Jaume Miralles, acompa\u00f1ados por el director general de ThinkUPC, Josep Maria Ciervo, y otros representantes institucionales durante el acto de presentaci\u00f3n de LEIA UPC."},{"@type":"BreadcrumbList","@id":"https:\/\/www.thinkupc.com\/es\/actualidad\/el-nexus-i-es-transforma-en-leia-upc-ledifici-de-la-intel%c2%b7ligencia-artificial-upc\/#breadcrumb","itemListElement":[{"@type":"ListItem","position":1,"name":"Home","item":"https:\/\/www.thinkupc.com\/es\/thinkupc\/"},{"@type":"ListItem","position":2,"name":"Actualidad","item":"https:\/\/www.thinkupc.com\/es\/categoria\/actualidad\/"},{"@type":"ListItem","position":3,"name":"Nexus I se transforma en LEIA UPC, el Edificio de la Inteligencia Artificial de la UPC"}]},{"@type":"WebSite","@id":"https:\/\/www.thinkupc.com\/es\/#website","url":"https:\/\/www.thinkupc.com\/es\/","name":"ThinkUPC","description":"One Step Ahead in the Digital World","publisher":{"@id":"https:\/\/www.thinkupc.com\/es\/#organization"},"potentialAction":[{"@type":"SearchAction","target":{"@type":"EntryPoint","urlTemplate":"https:\/\/www.thinkupc.com\/es\/?s={search_term_string}"},"query-input":{"@type":"PropertyValueSpecification","valueRequired":true,"valueName":"search_term_string"}}],"inLanguage":"es"},{"@type":"Organization","@id":"https:\/\/www.thinkupc.com\/es\/#organization","name":"ThinkUPC","url":"https:\/\/www.thinkupc.com\/es\/","logo":{"@type":"ImageObject","inLanguage":"es","@id":"https:\/\/www.thinkupc.com\/es\/#\/schema\/logo\/image\/","url":"https:\/\/www.thinkupc.com\/wp-content\/uploads\/2025\/03\/logo-claim_B.png","contentUrl":"https:\/\/www.thinkupc.com\/wp-content\/uploads\/2025\/03\/logo-claim_B.png","width":2325,"height":1027,"caption":"ThinkUPC"},"image":{"@id":"https:\/\/www.thinkupc.com\/es\/#\/schema\/logo\/image\/"},"sameAs":["https:\/\/bsky.app\/profile\/thinkupc.com","https:\/\/es.linkedin.com\/company\/thinkupc"]},{"@type":"Person","@id":"https:\/\/www.thinkupc.com\/es\/#\/schema\/person\/e9c4eb2ebe12f20d120c4e4513e613c7","name":"Javier Otero","image":{"@type":"ImageObject","inLanguage":"es","@id":"https:\/\/secure.gravatar.com\/avatar\/4461fc6c334f269d377c235d0b5e5af481941f29dfe83bdd6ffa17f49b4061c7?s=96&d=mm&r=g","url":"https:\/\/secure.gravatar.com\/avatar\/4461fc6c334f269d377c235d0b5e5af481941f29dfe83bdd6ffa17f49b4061c7?s=96&d=mm&r=g","contentUrl":"https:\/\/secure.gravatar.com\/avatar\/4461fc6c334f269d377c235d0b5e5af481941f29dfe83bdd6ffa17f49b4061c7?s=96&d=mm&r=g","caption":"Javier Otero"},"url":"https:\/\/www.thinkupc.com\/es\/author\/javier-otero\/"}]}},"_links":{"self":[{"href":"https:\/\/www.thinkupc.com\/es\/wp-json\/wp\/v2\/posts\/14550","targetHints":{"allow":["GET"]}}],"collection":[{"href":"https:\/\/www.thinkupc.com\/es\/wp-json\/wp\/v2\/posts"}],"about":[{"href":"https:\/\/www.thinkupc.com\/es\/wp-json\/wp\/v2\/types\/post"}],"author":[{"embeddable":true,"href":"https:\/\/www.thinkupc.com\/es\/wp-json\/wp\/v2\/users\/30"}],"replies":[{"embeddable":true,"href":"https:\/\/www.thinkupc.com\/es\/wp-json\/wp\/v2\/comments?post=14550"}],"version-history":[{"count":5,"href":"https:\/\/www.thinkupc.com\/es\/wp-json\/wp\/v2\/posts\/14550\/revisions"}],"predecessor-version":[{"id":14558,"href":"https:\/\/www.thinkupc.com\/es\/wp-json\/wp\/v2\/posts\/14550\/revisions\/14558"}],"wp:featuredmedia":[{"embeddable":true,"href":"https:\/\/www.thinkupc.com\/es\/wp-json\/wp\/v2\/media\/14543"}],"wp:attachment":[{"href":"https:\/\/www.thinkupc.com\/es\/wp-json\/wp\/v2\/media?parent=14550"}],"wp:term":[{"taxonomy":"category","embeddable":true,"href":"https:\/\/www.thinkupc.com\/es\/wp-json\/wp\/v2\/categories?post=14550"},{"taxonomy":"post_tag","embeddable":true,"href":"https:\/\/www.thinkupc.com\/es\/wp-json\/wp\/v2\/tags?post=14550"}],"curies":[{"name":"wp","href":"https:\/\/api.w.org\/{rel}","templated":true}]}}